{"id":1023,"date":"2019-03-10T14:33:31","date_gmt":"2019-03-10T13:33:31","guid":{"rendered":"https:\/\/dorsoo.com\/?p=1023"},"modified":"2019-05-07T09:55:54","modified_gmt":"2019-05-07T07:55:54","slug":"quels-sont-les-symptomes-du-syndrome-de-fatigue-chronique","status":"publish","type":"post","link":"https:\/\/www.dorsoo.com\/fr\/blog\/quels-sont-les-symptomes-du-syndrome-de-fatigue-chronique\/","title":{"rendered":"Quels sont les sympt\u00f4mes du syndrome de fatigue chronique ?"},"content":{"rendered":"<p>\u00c0 cause du syndrome de fatigue chronique (ou SFC), beaucoup de patients ne sont plus capables de travailler \u00e0 plein temps. Apr\u00e8s un effort, ils ne sont plus en mesure de fonctionner normalement.<\/p>\n<p>L\u2019\u00e9tat de fatigue anormal ne dispara\u00eet pas apr\u00e8s une nuit de sommeil et le SFC g\u00e9n\u00e8re toute une s\u00e9rie de troubles physiques et mentaux.<\/p>\n<p>Les sympt\u00f4mes suivants apparaissent souvent en cas de fatigue chronique<br \/>\nou de SFC :<\/p>\n<ul>\n<li>une maladie soudaine ;<\/li>\n<li>des sympt\u00f4mes de burnout ;<\/li>\n<li>une fatigue extr\u00eame et un \u00e9puisement m\u00eame apr\u00e8s des efforts minimes. Ces signes d\u2019\u00e9puisement sont toujours pr\u00e9sents apr\u00e8s 24 \u00e0 48 heures ;<\/li>\n<li>Un mauvais sommeil ;<\/li>\n<li>un malaise ;<\/li>\n<li>des douleurs diverses, dont des douleurs musculaires, des maux de gorge, de t\u00eate, d\u2019estomac et de dos ;<\/li>\n<li>une perte de force ;<\/li>\n<li>des vertiges et des troubles de l\u2019\u00e9quilibre ;<\/li>\n<li>des probl\u00e8mes de concentration et d\u2019attention, dont la dyslexie et des troubles de l\u2019\u00e9quilibre ;<\/li>\n<li>des probl\u00e8mes d\u2019\u00e9locution ;<\/li>\n<li>des troubles de la m\u00e9moire et une perte de la m\u00e9moire \u00e0 court terme ;<\/li>\n<li>des sympt\u00f4mes grippaux, dont la fi\u00e8vre et\/ou une alternance de transpiration et de sueurs froides ;<\/li>\n<li>une instabilit\u00e9 \u00e9motionnelle et des pens\u00e9es d\u00e9pressives, des sautes d\u2019humeur, des angoisses ;<\/li>\n<li>la perte de capacit\u00e9s intellectuelles ;<\/li>\n<li>la sensibilit\u00e9 \u00e0 la lumi\u00e8re et au bruit.<\/li>\n<\/ul>\n<p>&nbsp;<\/p>\n<p>Le SFC ne se manifeste pas de la m\u00eame mani\u00e8re chez tous les patients. Les sympt\u00f4mes et leur intensit\u00e9 peuvent fortement varier d\u2019une personne \u00e0 l\u2019autre et ils peuvent aussi changer d\u2019un jour \u00e0 l\u2019autre, voire d\u2019une heure \u00e0 l\u2019autre chez une m\u00eame personne.<\/p>\n\t\t\t\t\t\t\t<div class=\"sidebar-content mobile-show\">\n\t\t\t\t\t<h2> Am\u00e9liorez votre sommeil. <\/h2>\n\t\t\t\t\t<p>\n\t\t\t\t\tUne bonne nuit de sommeil est essentielle pour r\u00e9cup\u00e9rer. En savoir plus sur le lit qui pr\u00e9vient et r\u00e9duit les maux de dos.\t\t\t\t\t<\/p>\n\t\t\t\t\t<a href=\"https:\/\/www.dorsoo.com\/fr\/systeme-decouchage\/\" class=\"qbutton default\"> Dorsoo Active+ <\/a>\n\t\t\t\t<\/div>\n\t\t\t\n","protected":false},"excerpt":{"rendered":"<p>\u00c0 cause du syndrome de fatigue chronique (ou SFC), beaucoup de patients ne sont plus capables de travailler \u00e0 plein temps. Apr\u00e8s un effort, ils ne sont plus en mesure de fonctionner normalement. L\u2019\u00e9tat de fatigue anormal ne dispara\u00eet pas apr\u00e8s une nuit de sommeil&#8230;<\/p>\n","protected":false},"author":1,"featured_media":1024,"comment_status":"closed","ping_status":"closed","sticky":false,"template":"","format":"standard","meta":{"_acf_changed":false,"inline_featured_image":false,"footnotes":""},"categories":[9],"tags":[],"class_list":["post-1023","post","type-post","status-publish","format-standard","has-post-thumbnail","hentry","category-blog"],"acf":[],"yoast_head":"<!-- This site is optimized with the Yoast SEO plugin v27.4 - https:\/\/yoast.com\/product\/yoast-seo-wordpress\/ -->\n<title>Quels sont les sympt\u00f4mes du syndrome de fatigue chronique ? - Dorsoo<\/title>\n<meta name=\"description\" content=\"Le syndrome de fatigue chronique fait r\u00e9f\u00e9rence \u00e0 une fatigue ou un \u00e9puisement cliniquement constat\u00e9 et r\u00e9current, qui dure au minimum six mois.\" \/>\n<meta name=\"robots\" content=\"index, follow, max-snippet:-1, max-image-preview:large, max-video-preview:-1\" \/>\n<link rel=\"canonical\" href=\"https:\/\/www.dorsoo.com\/fr\/blog\/quels-sont-les-symptomes-du-syndrome-de-fatigue-chronique\/\" \/>\n<meta property=\"og:locale\" content=\"fr_FR\" \/>\n<meta property=\"og:type\" content=\"article\" \/>\n<meta property=\"og:title\" content=\"Quels sont les sympt\u00f4mes du syndrome de fatigue chronique ? - Dorsoo\" \/>\n<meta property=\"og:description\" content=\"Le syndrome de fatigue chronique fait r\u00e9f\u00e9rence \u00e0 une fatigue ou un \u00e9puisement cliniquement constat\u00e9 et r\u00e9current, qui dure au minimum six mois.\" \/>\n<meta property=\"og:url\" content=\"https:\/\/www.dorsoo.com\/fr\/blog\/quels-sont-les-symptomes-du-syndrome-de-fatigue-chronique\/\" \/>\n<meta property=\"og:site_name\" content=\"Dorsoo\" \/>\n<meta property=\"article:published_time\" content=\"2019-03-10T13:33:31+00:00\" \/>\n<meta property=\"article:modified_time\" content=\"2019-05-07T07:55:54+00:00\" \/>\n<meta property=\"og:image\" content=\"https:\/\/www.dorsoo.com\/wp-content\/uploads\/2019\/04\/cvsl.jpg\" \/>\n\t<meta property=\"og:image:width\" content=\"500\" \/>\n\t<meta property=\"og:image:height\" content=\"333\" \/>\n\t<meta property=\"og:image:type\" content=\"image\/jpeg\" \/>\n<meta name=\"author\" content=\"admin_dorsoo\" \/>\n<meta name=\"twitter:card\" content=\"summary_large_image\" \/>\n<meta name=\"twitter:label1\" content=\"\u00c9crit par\" \/>\n\t<meta name=\"twitter:data1\" content=\"admin_dorsoo\" \/>\n\t<meta name=\"twitter:label2\" content=\"Dur\u00e9e de lecture estim\u00e9e\" \/>\n\t<meta name=\"twitter:data2\" content=\"1 minute\" \/>\n<script type=\"application\/ld+json\" class=\"yoast-schema-graph\">{\"@context\":\"https:\\\/\\\/schema.org\",\"@graph\":[{\"@type\":\"Article\",\"@id\":\"https:\\\/\\\/www.dorsoo.com\\\/fr\\\/blog\\\/quels-sont-les-symptomes-du-syndrome-de-fatigue-chronique\\\/#article\",\"isPartOf\":{\"@id\":\"https:\\\/\\\/www.dorsoo.com\\\/fr\\\/blog\\\/quels-sont-les-symptomes-du-syndrome-de-fatigue-chronique\\\/\"},\"author\":{\"name\":\"admin_dorsoo\",\"@id\":\"https:\\\/\\\/www.dorsoo.com\\\/fr\\\/#\\\/schema\\\/person\\\/edac4c67d53694df42d2e03ed2efb714\"},\"headline\":\"Quels sont les sympt\u00f4mes du syndrome de fatigue chronique ?\",\"datePublished\":\"2019-03-10T13:33:31+00:00\",\"dateModified\":\"2019-05-07T07:55:54+00:00\",\"mainEntityOfPage\":{\"@id\":\"https:\\\/\\\/www.dorsoo.com\\\/fr\\\/blog\\\/quels-sont-les-symptomes-du-syndrome-de-fatigue-chronique\\\/\"},\"wordCount\":292,\"image\":{\"@id\":\"https:\\\/\\\/www.dorsoo.com\\\/fr\\\/blog\\\/quels-sont-les-symptomes-du-syndrome-de-fatigue-chronique\\\/#primaryimage\"},\"thumbnailUrl\":\"https:\\\/\\\/www.dorsoo.com\\\/wp-content\\\/uploads\\\/2019\\\/04\\\/cvsl.jpg\",\"articleSection\":[\"Blog\"],\"inLanguage\":\"fr-FR\"},{\"@type\":\"WebPage\",\"@id\":\"https:\\\/\\\/www.dorsoo.com\\\/fr\\\/blog\\\/quels-sont-les-symptomes-du-syndrome-de-fatigue-chronique\\\/\",\"url\":\"https:\\\/\\\/www.dorsoo.com\\\/fr\\\/blog\\\/quels-sont-les-symptomes-du-syndrome-de-fatigue-chronique\\\/\",\"name\":\"Quels sont les sympt\u00f4mes du syndrome de fatigue chronique ? - Dorsoo\",\"isPartOf\":{\"@id\":\"https:\\\/\\\/www.dorsoo.com\\\/fr\\\/#website\"},\"primaryImageOfPage\":{\"@id\":\"https:\\\/\\\/www.dorsoo.com\\\/fr\\\/blog\\\/quels-sont-les-symptomes-du-syndrome-de-fatigue-chronique\\\/#primaryimage\"},\"image\":{\"@id\":\"https:\\\/\\\/www.dorsoo.com\\\/fr\\\/blog\\\/quels-sont-les-symptomes-du-syndrome-de-fatigue-chronique\\\/#primaryimage\"},\"thumbnailUrl\":\"https:\\\/\\\/www.dorsoo.com\\\/wp-content\\\/uploads\\\/2019\\\/04\\\/cvsl.jpg\",\"datePublished\":\"2019-03-10T13:33:31+00:00\",\"dateModified\":\"2019-05-07T07:55:54+00:00\",\"author\":{\"@id\":\"https:\\\/\\\/www.dorsoo.com\\\/fr\\\/#\\\/schema\\\/person\\\/edac4c67d53694df42d2e03ed2efb714\"},\"description\":\"Le syndrome de fatigue chronique fait r\u00e9f\u00e9rence \u00e0 une fatigue ou un \u00e9puisement cliniquement constat\u00e9 et r\u00e9current, qui dure au minimum six mois.\",\"breadcrumb\":{\"@id\":\"https:\\\/\\\/www.dorsoo.com\\\/fr\\\/blog\\\/quels-sont-les-symptomes-du-syndrome-de-fatigue-chronique\\\/#breadcrumb\"},\"inLanguage\":\"fr-FR\",\"potentialAction\":[{\"@type\":\"ReadAction\",\"target\":[\"https:\\\/\\\/www.dorsoo.com\\\/fr\\\/blog\\\/quels-sont-les-symptomes-du-syndrome-de-fatigue-chronique\\\/\"]}]},{\"@type\":\"ImageObject\",\"inLanguage\":\"fr-FR\",\"@id\":\"https:\\\/\\\/www.dorsoo.com\\\/fr\\\/blog\\\/quels-sont-les-symptomes-du-syndrome-de-fatigue-chronique\\\/#primaryimage\",\"url\":\"https:\\\/\\\/www.dorsoo.com\\\/wp-content\\\/uploads\\\/2019\\\/04\\\/cvsl.jpg\",\"contentUrl\":\"https:\\\/\\\/www.dorsoo.com\\\/wp-content\\\/uploads\\\/2019\\\/04\\\/cvsl.jpg\",\"width\":500,\"height\":333},{\"@type\":\"BreadcrumbList\",\"@id\":\"https:\\\/\\\/www.dorsoo.com\\\/fr\\\/blog\\\/quels-sont-les-symptomes-du-syndrome-de-fatigue-chronique\\\/#breadcrumb\",\"itemListElement\":[{\"@type\":\"ListItem\",\"position\":1,\"name\":\"Home\",\"item\":\"https:\\\/\\\/www.dorsoo.com\\\/fr\\\/\"},{\"@type\":\"ListItem\",\"position\":2,\"name\":\"Quels sont les sympt\u00f4mes du syndrome de fatigue chronique ?\"}]},{\"@type\":\"WebSite\",\"@id\":\"https:\\\/\\\/www.dorsoo.com\\\/fr\\\/#website\",\"url\":\"https:\\\/\\\/www.dorsoo.com\\\/fr\\\/\",\"name\":\"Dorsoo\",\"description\":\"Zorg voor uw slaap \u00e9n uw rug\u200e\",\"potentialAction\":[{\"@type\":\"SearchAction\",\"target\":{\"@type\":\"EntryPoint\",\"urlTemplate\":\"https:\\\/\\\/www.dorsoo.com\\\/fr\\\/?s={search_term_string}\"},\"query-input\":{\"@type\":\"PropertyValueSpecification\",\"valueRequired\":true,\"valueName\":\"search_term_string\"}}],\"inLanguage\":\"fr-FR\"},{\"@type\":\"Person\",\"@id\":\"https:\\\/\\\/www.dorsoo.com\\\/fr\\\/#\\\/schema\\\/person\\\/edac4c67d53694df42d2e03ed2efb714\",\"name\":\"admin_dorsoo\",\"image\":{\"@type\":\"ImageObject\",\"inLanguage\":\"fr-FR\",\"@id\":\"https:\\\/\\\/secure.gravatar.com\\\/avatar\\\/d50bc9b9a06e326b2bffe98a11d1520b537d6fa1cb810a3feca9ada436af804a?s=96&d=mm&r=g\",\"url\":\"https:\\\/\\\/secure.gravatar.com\\\/avatar\\\/d50bc9b9a06e326b2bffe98a11d1520b537d6fa1cb810a3feca9ada436af804a?s=96&d=mm&r=g\",\"contentUrl\":\"https:\\\/\\\/secure.gravatar.com\\\/avatar\\\/d50bc9b9a06e326b2bffe98a11d1520b537d6fa1cb810a3feca9ada436af804a?s=96&d=mm&r=g\",\"caption\":\"admin_dorsoo\"}}]}<\/script>\n<!-- \/ Yoast SEO plugin. -->","yoast_head_json":{"title":"Quels sont les sympt\u00f4mes du syndrome de fatigue chronique ? - Dorsoo","description":"Le syndrome de fatigue chronique fait r\u00e9f\u00e9rence \u00e0 une fatigue ou un \u00e9puisement cliniquement constat\u00e9 et r\u00e9current, qui dure au minimum six mois.","robots":{"index":"index","follow":"follow","max-snippet":"max-snippet:-1","max-image-preview":"max-image-preview:large","max-video-preview":"max-video-preview:-1"},"canonical":"https:\/\/www.dorsoo.com\/fr\/blog\/quels-sont-les-symptomes-du-syndrome-de-fatigue-chronique\/","og_locale":"fr_FR","og_type":"article","og_title":"Quels sont les sympt\u00f4mes du syndrome de fatigue chronique ? - Dorsoo","og_description":"Le syndrome de fatigue chronique fait r\u00e9f\u00e9rence \u00e0 une fatigue ou un \u00e9puisement cliniquement constat\u00e9 et r\u00e9current, qui dure au minimum six mois.","og_url":"https:\/\/www.dorsoo.com\/fr\/blog\/quels-sont-les-symptomes-du-syndrome-de-fatigue-chronique\/","og_site_name":"Dorsoo","article_published_time":"2019-03-10T13:33:31+00:00","article_modified_time":"2019-05-07T07:55:54+00:00","og_image":[{"width":500,"height":333,"url":"https:\/\/www.dorsoo.com\/wp-content\/uploads\/2019\/04\/cvsl.jpg","type":"image\/jpeg"}],"author":"admin_dorsoo","twitter_card":"summary_large_image","twitter_misc":{"\u00c9crit par":"admin_dorsoo","Dur\u00e9e de lecture estim\u00e9e":"1 minute"},"schema":{"@context":"https:\/\/schema.org","@graph":[{"@type":"Article","@id":"https:\/\/www.dorsoo.com\/fr\/blog\/quels-sont-les-symptomes-du-syndrome-de-fatigue-chronique\/#article","isPartOf":{"@id":"https:\/\/www.dorsoo.com\/fr\/blog\/quels-sont-les-symptomes-du-syndrome-de-fatigue-chronique\/"},"author":{"name":"admin_dorsoo","@id":"https:\/\/www.dorsoo.com\/fr\/#\/schema\/person\/edac4c67d53694df42d2e03ed2efb714"},"headline":"Quels sont les sympt\u00f4mes du syndrome de fatigue chronique ?","datePublished":"2019-03-10T13:33:31+00:00","dateModified":"2019-05-07T07:55:54+00:00","mainEntityOfPage":{"@id":"https:\/\/www.dorsoo.com\/fr\/blog\/quels-sont-les-symptomes-du-syndrome-de-fatigue-chronique\/"},"wordCount":292,"image":{"@id":"https:\/\/www.dorsoo.com\/fr\/blog\/quels-sont-les-symptomes-du-syndrome-de-fatigue-chronique\/#primaryimage"},"thumbnailUrl":"https:\/\/www.dorsoo.com\/wp-content\/uploads\/2019\/04\/cvsl.jpg","articleSection":["Blog"],"inLanguage":"fr-FR"},{"@type":"WebPage","@id":"https:\/\/www.dorsoo.com\/fr\/blog\/quels-sont-les-symptomes-du-syndrome-de-fatigue-chronique\/","url":"https:\/\/www.dorsoo.com\/fr\/blog\/quels-sont-les-symptomes-du-syndrome-de-fatigue-chronique\/","name":"Quels sont les sympt\u00f4mes du syndrome de fatigue chronique ? - Dorsoo","isPartOf":{"@id":"https:\/\/www.dorsoo.com\/fr\/#website"},"primaryImageOfPage":{"@id":"https:\/\/www.dorsoo.com\/fr\/blog\/quels-sont-les-symptomes-du-syndrome-de-fatigue-chronique\/#primaryimage"},"image":{"@id":"https:\/\/www.dorsoo.com\/fr\/blog\/quels-sont-les-symptomes-du-syndrome-de-fatigue-chronique\/#primaryimage"},"thumbnailUrl":"https:\/\/www.dorsoo.com\/wp-content\/uploads\/2019\/04\/cvsl.jpg","datePublished":"2019-03-10T13:33:31+00:00","dateModified":"2019-05-07T07:55:54+00:00","author":{"@id":"https:\/\/www.dorsoo.com\/fr\/#\/schema\/person\/edac4c67d53694df42d2e03ed2efb714"},"description":"Le syndrome de fatigue chronique fait r\u00e9f\u00e9rence \u00e0 une fatigue ou un \u00e9puisement cliniquement constat\u00e9 et r\u00e9current, qui dure au minimum six mois.","breadcrumb":{"@id":"https:\/\/www.dorsoo.com\/fr\/blog\/quels-sont-les-symptomes-du-syndrome-de-fatigue-chronique\/#breadcrumb"},"inLanguage":"fr-FR","potentialAction":[{"@type":"ReadAction","target":["https:\/\/www.dorsoo.com\/fr\/blog\/quels-sont-les-symptomes-du-syndrome-de-fatigue-chronique\/"]}]},{"@type":"ImageObject","inLanguage":"fr-FR","@id":"https:\/\/www.dorsoo.com\/fr\/blog\/quels-sont-les-symptomes-du-syndrome-de-fatigue-chronique\/#primaryimage","url":"https:\/\/www.dorsoo.com\/wp-content\/uploads\/2019\/04\/cvsl.jpg","contentUrl":"https:\/\/www.dorsoo.com\/wp-content\/uploads\/2019\/04\/cvsl.jpg","width":500,"height":333},{"@type":"BreadcrumbList","@id":"https:\/\/www.dorsoo.com\/fr\/blog\/quels-sont-les-symptomes-du-syndrome-de-fatigue-chronique\/#breadcrumb","itemListElement":[{"@type":"ListItem","position":1,"name":"Home","item":"https:\/\/www.dorsoo.com\/fr\/"},{"@type":"ListItem","position":2,"name":"Quels sont les sympt\u00f4mes du syndrome de fatigue chronique ?"}]},{"@type":"WebSite","@id":"https:\/\/www.dorsoo.com\/fr\/#website","url":"https:\/\/www.dorsoo.com\/fr\/","name":"Dorsoo","description":"Zorg voor uw slaap \u00e9n uw rug\u200e","potentialAction":[{"@type":"SearchAction","target":{"@type":"EntryPoint","urlTemplate":"https:\/\/www.dorsoo.com\/fr\/?s={search_term_string}"},"query-input":{"@type":"PropertyValueSpecification","valueRequired":true,"valueName":"search_term_string"}}],"inLanguage":"fr-FR"},{"@type":"Person","@id":"https:\/\/www.dorsoo.com\/fr\/#\/schema\/person\/edac4c67d53694df42d2e03ed2efb714","name":"admin_dorsoo","image":{"@type":"ImageObject","inLanguage":"fr-FR","@id":"https:\/\/secure.gravatar.com\/avatar\/d50bc9b9a06e326b2bffe98a11d1520b537d6fa1cb810a3feca9ada436af804a?s=96&d=mm&r=g","url":"https:\/\/secure.gravatar.com\/avatar\/d50bc9b9a06e326b2bffe98a11d1520b537d6fa1cb810a3feca9ada436af804a?s=96&d=mm&r=g","contentUrl":"https:\/\/secure.gravatar.com\/avatar\/d50bc9b9a06e326b2bffe98a11d1520b537d6fa1cb810a3feca9ada436af804a?s=96&d=mm&r=g","caption":"admin_dorsoo"}}]}},"_links":{"self":[{"href":"https:\/\/www.dorsoo.com\/fr\/wp-json\/wp\/v2\/posts\/1023","targetHints":{"allow":["GET"]}}],"collection":[{"href":"https:\/\/www.dorsoo.com\/fr\/wp-json\/wp\/v2\/posts"}],"about":[{"href":"https:\/\/www.dorsoo.com\/fr\/wp-json\/wp\/v2\/types\/post"}],"author":[{"embeddable":true,"href":"https:\/\/www.dorsoo.com\/fr\/wp-json\/wp\/v2\/users\/1"}],"replies":[{"embeddable":true,"href":"https:\/\/www.dorsoo.com\/fr\/wp-json\/wp\/v2\/comments?post=1023"}],"version-history":[{"count":0,"href":"https:\/\/www.dorsoo.com\/fr\/wp-json\/wp\/v2\/posts\/1023\/revisions"}],"wp:featuredmedia":[{"embeddable":true,"href":"https:\/\/www.dorsoo.com\/fr\/wp-json\/wp\/v2\/media\/1024"}],"wp:attachment":[{"href":"https:\/\/www.dorsoo.com\/fr\/wp-json\/wp\/v2\/media?parent=1023"}],"wp:term":[{"taxonomy":"category","embeddable":true,"href":"https:\/\/www.dorsoo.com\/fr\/wp-json\/wp\/v2\/categories?post=1023"},{"taxonomy":"post_tag","embeddable":true,"href":"https:\/\/www.dorsoo.com\/fr\/wp-json\/wp\/v2\/tags?post=1023"}],"curies":[{"name":"wp","href":"https:\/\/api.w.org\/{rel}","templated":true}]}}